{"id":1706,"date":"2024-09-24T09:33:10","date_gmt":"2024-09-24T09:33:10","guid":{"rendered":"https:\/\/escolademusicasantjoan.com\/?p=1706"},"modified":"2024-10-01T06:26:44","modified_gmt":"2024-10-01T06:26:44","slug":"1706-2","status":"publish","type":"post","link":"https:\/\/escolademusicasantjoan.com\/ca\/1706-2\/","title":{"rendered":"Els beneficis del cant coral I la m\u00fasica en el desenvolupament infantil"},"content":{"rendered":"<style type=\"text\/css\" data-created_by=\"avia_inline_auto\" id=\"style-css-av-m1g84o3j-5fc6db31e43fb8dbd7a84d5c4acab4b4\">\n#top .av_textblock_section.av-m1g84o3j-5fc6db31e43fb8dbd7a84d5c4acab4b4 .avia_textblock{\nfont-size:19px;\n}\n<\/style>\n<section  class='av_textblock_section av-m1g84o3j-5fc6db31e43fb8dbd7a84d5c4acab4b4'   itemscope=\"itemscope\" itemtype=\"https:\/\/schema.org\/BlogPosting\" itemprop=\"blogPost\" ><div class='avia_textblock'  itemprop=\"text\" ><p>Avui en dia pr\u00e0cticament tots els infants realitzen alguna activitat extraescolar: futbol, inform\u00e0tica, angl\u00e8s, m\u00fasica, pintura\u2026 Per\u00f2 a vegades \u00e9s necessari que ens aturem a pensar i a valorar la import\u00e0ncia que t\u00e9 cada una d\u2019aquestes activitats en el desenvolupament de l\u2019infant per no sobrecarregar-lo.<\/p>\n<p>Una activitat extraescolar no \u00e9s un simple lloc on tenir entretingut el nin o nina fins que puguem anar a buscar-lo. Una activitat extraescolar com la m\u00fasica i en concret el cant coral pot ser molt m\u00e9s.<\/p>\n<p>Tocar un instrument, cantar en grup o fer m\u00fasica en general t\u00e9 una s\u00e8rie d\u2019avantatges com els seg\u00fcents que influiran positivament en el desenvolupament general de l\u2019infant:<\/p>\n<ul>\n<li><strong>Ajuda a desenvolupar la creativitat<\/strong> Cal recordar que la creativitat \u00e9s una caracter\u00edstica general de l\u2019\u00e9sser hum\u00e0 i no una qualitat reservada als artistes. Aquesta caracter\u00edstica \u00e9s encara molt m\u00e9s evident en el nin, al qual, des que \u00e9s molt petit i sense cap tipus d\u2019influ\u00e8ncia ni condicionament, li agrada expressar-se per tots els mitjans possibles. El nin \u00e9s creatiu per naturalesa, per tant, nosaltres nom\u00e9s hem d\u2019oferir-li aquest context on pugui despertar la seva imaginaci\u00f3. En la inf\u00e0ncia i l\u2019adolesc\u00e8ncia, la pr\u00e0ctica de la creativitat sol conduir a un increment de l\u2019autoestima i la confian\u00e7a en un mateix, a la valoraci\u00f3 i a l\u2019esfor\u00e7. La creativitat \u00e9s tamb\u00e9 un element central en la musicoter\u00e0pia; tot es basa en l\u2019expressi\u00f3 d\u2019un mateix, sense que aquesta sigui jutjada ni avaluada. La m\u00fasica op les portes a aquest m\u00f3n creatiu que tot infant hauria de desenvolupar. A m\u00e9s, el desenvolupament de la creativitat ajuda a resoldre problemes imaginant distintes solucions, rebutjant regles obsoletes i suposicions.<\/li>\n<li><strong>Millora la capacitat d'expressi\u00f3 i de comunicaci\u00f3<\/strong>La m\u00fasica ofereix dues possibilitats de comunicaci\u00f3: la no verbal i la preverbal.\n<ul>\n<li><strong>En la modalidad no verbal<\/strong> e comunicaci\u00f3 la m\u00fasica \u00e9s el llenguatge del sentiment, la intu\u00efci\u00f3 i l\u2019afectivitat que pot expressar all\u00f2 que en moltes ocasions no pot aconseguir transmetre la paraula. Per aix\u00f2, en algunes ocasions la comunicaci\u00f3 mitjan\u00e7ant la m\u00fasica resulta m\u00e9s efectiva que la comunicaci\u00f3 mitjan\u00e7ant la paraula. Entre els 6 i 8 mesos un nad\u00f3 ja \u00e9s capa\u00e7 de recon\u00e8ixer la intenci\u00f3 en l\u2019entonaci\u00f3 de la veu (nota si la seva mare est\u00e0 enfadada o alegre). Malgrat la m\u00fasica sigui un llenguatge complex (melodia, ritme, harmonia, timbre, etc.) que el nin anir\u00e0 adquirint gradualment al llarg del seu desenvolupament, no necessita dominar tots els elements per expressar all\u00f2 que sent.<\/li>\n<li><strong>La comunicaci\u00f3 prevarbal<\/strong> om b\u00e9 indica el seu nom \u00e9s aquella que es duu a terme abans de les paraules. Els beb\u00e8s, abans de comen\u00e7ar a parlar experimenten amb els sons que els envolten i que capten: balbucegen, entonen, vocalitzen\u2026 Aquesta etapa \u00e9s necess\u00e0ria per a una correcta adquisici\u00f3 del llenguatge, de la llengua materna. Per tant, la m\u00fasica ofereix tamb\u00e9 aquest suport previ dels primers sons que s\u2019instal\u00b7la en el nad\u00f3 molt abans que les paraules.<\/li>\n<\/ul>\n<\/li>\n<\/ul>\n<p>Un cop l\u2019infant es va fent gran anir\u00e0 posant paraules a melodies senzilles. La m\u00fasica serveix tamb\u00e9 com a conductora d\u2019un text. El simple fet de cantar can\u00e7ons contribueix al desenvolupament del llenguatge (el nin practica amb els sons de la seva llegua (fon\u00e8tica), apr\u00e8n noves paraules i significats (sem\u00e0ntica), les col\u00b7loca de manera adequada en una oraci\u00f3 (gram\u00e0tica, sintaxi, etc.)<\/p>\n<p>L\u2019aprenentatge d\u2019un llenguatge \u2013de qualsevol- implica pr\u00e0ctica; per aquest motiu \u00e9s positiu que els nins cantin can\u00e7ons en la seva llengua \u2013i posteriorment en altres- . \u00c9s simplement una pr\u00e0ctica divertida que els ajudar\u00e0 a aprendre i a consolidar el seu llenguatge sense adonar-se\u2019n.<\/p>\n<ul>\n<li><strong>Millora la intelig\u00e8ncia<\/strong>nvestigacions recents asseguren que la pr\u00e0ctica musical est\u00e0 associada amb la plasticitat estructural i funcional del cervell, el qual pot ser modelat a partir de l\u2019experi\u00e8ncia. Sembla evident que, qualsevol instrumentista, per aconseguir una gran velocitat en els dits hagi de fer un gran entrenament mental.Un estudi realitzat fa uns quants anys conclo\u00efa que un bon pianista o violinista pot arribar a practicar 7500 hores abans de complir els 18 anys. J\u00e4nque, professor de l\u2019Institut Tecnol\u00f2gic de Z\u00farich (Su\u00efssa), ha recollit la major part d\u2019aquest estudis realitzats a la seva p\u00e0gina web \u201cFaculty of 1000\u201d, a la qual m\u00e9s de 2000 cient\u00edfics rellevants opinen sobre aquesta branca de la investigaci\u00f3 cient\u00edfica.J\u00e4nque assegura que \u201csi la m\u00fasica tiene una fuerte influencia en la plasticidad del cerebro, es posible que este mismo efecto pueda utilizarse para mejorar el rendimiento cognitivo\u00bb; per aix\u00f2 proposa la m\u00fasica com a ter\u00e0pia neuropsicol\u00f2gica pel fet que ajuda a les habilitats del llenguatge, la mem\u00f2ria, la conducta, la concentraci\u00f3 i la intel\u00b7lig\u00e8ncia espaial (capacitat de percebre de manera detallada el m\u00f3n i de formar imatges mentals dels objectes).<\/li>\n<li><strong>Configura personalitats treballadores i cr\u00edtiques<\/strong>Segons Carolyn Phillips, directora executiva de la Jove Orquestra Simf\u00f2nica de Norwalk i autora de \u201cTwelve Benefits of Music Education\u201d, en el terreny individual, tocar un instrument converteix a qui ho fa en una persona met\u00f2dica que cuida els detalls (del contrari no \u201csonar\u00e0 b\u00e9\u201d), ben planificadora i treballadora, qualitats \u00f2ptimes que afavoriran uns bons resultats en altres \u00e0rees o mat\u00e8ries.L\u2019aprenentatge d\u2019un instrument implica un treball seri\u00f3s per aconseguir un bon resultat. Aqu\u00ed entenem per \u201cbo\u201d la no simple execuci\u00f3 de les notes que estan escrites a la partitura; un m\u00fasic no \u00e9s nom\u00e9s un \u201cdesxifrador del llenguatge musical\u201d, sin\u00f3 un int\u00e8rpret amb personalitat que s\u2019expressar\u00e0 a trav\u00e9s d\u2019un instrument.<\/li>\n<li><strong>Ens ensenya a ser emp\u00e0tics i tolerants<\/strong>Un estudi de les arts ofereix al nen una visi\u00f3 d\u2019altres cultures, la qual cosa fa aprendre les habilitats necess\u00e0ries per conviure amb la multiculturalitat tan present a totes les societats actuals.<\/li>\n<li><strong>Ajuda a desenvolupar la capacitat del treball en equip i de coordinaci\u00f3 I disciplina<\/strong>En una orquestra, conjunt instrumental o coral soni b\u00e9 \u00e9s necessari que tots els integrants treballin junts per aconseguir un objectiu com\u00fa, una bona actuaci\u00f3 o concert. Aix\u00f2 suposar\u00e0 un esfor\u00e7 individual en aprendre\u2019s la m\u00fasica, assistir als assajos i practicar en conjunt.<\/li>\n<li><strong>Mostra la import\u00e0ncia de l\u2019esfor\u00e7 i ajuda a desenvolupar habilitats necess\u00e0ries per a lluitar per un lloc de treball<\/strong>Un bon estudiant de m\u00fasica apr\u00e8n que els detalls configurats de manera adequada constitueixen un bon resultat (la suma de tots els elements que componen la m\u00fasica: ritme, melodia, expressivitat, etc. conformar\u00e0 una bona actuaci\u00f3).Aix\u00f2 implica que l\u2019estudiant faci \u00fas dels seus millors recursos per a l\u2019obtenci\u00f3 d\u2019aquest resultat \u00f2ptim. La import\u00e0ncia de l\u2019esfor\u00e7 es treballa dia a dia pel fet que, en m\u00fasica, un error \u00e9s un error: l\u2019instrument est\u00e0 afinat o no, les notes estan ben tocades o no, l\u2019entrada ha estat correcta o no, la pulsaci\u00f3 o ritme ha estat constant o no, etc. Les actuacions musicals suposen haver d\u2019afrontar pors (esc\u00e8niques, principalment) i riscos.L\u2019ansietat o nerviosisme a petita escala entrena i prepara l\u2019infant per a altres situacions dures que segur es trobar\u00e0 en algun moment de la seva vida. La pr\u00e0ctica d\u2019un concert o audici\u00f3 els fa desenvolupar l\u2019autocontrol i la concentraci\u00f3 en p\u00fablic, habilitats molt important per competir adequadament avui en dia en el m\u00f3n laboral.<\/li>\n<\/ul>\n<p>Tots aquests avantatges explicats anteriorment es tradueixen en una millora dels resultats acad\u00e8mics a totes les \u00e0rees. Estudis recents han confirmat que aquells infants que practiquen m\u00fasica de manera habitual obtenen millors notes que aquells alumnes que no ho fan.<\/p>\n<p>Est\u00e0 en les mans dels pares decidir en qu\u00e8 inverteixen el temps els seus fills<\/p>\n<p><em>Cristina Llabr\u00e9s<br \/>\n<\/em><em>profesora de la Escuela de M\u00fasica de Lloseta (Mallorca), Maestra i pedagoga musical.<\/em><\/p>\n<\/div><\/section>","protected":false},"excerpt":{"rendered":"","protected":false},"author":2,"featured_media":1707,"comment_status":"open","ping_status":"open","sticky":false,"template":"","format":"standard","meta":{"footnotes":""},"categories":[1],"tags":[],"class_list":["post-1706","post","type-post","status-publish","format-standard","has-post-thumbnail","hentry","category-sin-categoria"],"yoast_head":"<!-- This site is optimized with the Yoast SEO plugin v25.2 - https:\/\/yoast.com\/wordpress\/plugins\/seo\/ -->\n<title>Los beneficios del canto coral y la m\u00fasica en desarrollo infantil &#062; Escola De M\u00fasica Sant Joan<\/title>\n<meta name=\"robots\" content=\"index, follow, max-snippet:-1, max-image-preview:large, max-video-preview:-1\" \/>\n<link rel=\"canonical\" href=\"https:\/\/escolademusicasantjoan.com\/ca\/1706-2\/\" \/>\n<meta property=\"og:locale\" content=\"ca_ES\" \/>\n<meta property=\"og:type\" content=\"article\" \/>\n<meta property=\"og:title\" content=\"Los beneficios del canto coral y la m\u00fasica en desarrollo infantil &#062; Escola De M\u00fasica Sant Joan\" \/>\n<meta property=\"og:url\" content=\"https:\/\/escolademusicasantjoan.com\/ca\/1706-2\/\" \/>\n<meta property=\"og:site_name\" content=\"Escola De M\u00fasica Sant Joan\" \/>\n<meta property=\"article:published_time\" content=\"2024-09-24T09:33:10+00:00\" \/>\n<meta property=\"article:modified_time\" content=\"2024-10-01T06:26:44+00:00\" \/>\n<meta property=\"og:image\" content=\"https:\/\/escolademusicasantjoan.com\/wp-content\/uploads\/2024\/09\/Diseno-sin-titulo-2.png\" \/>\n\t<meta property=\"og:image:width\" content=\"500\" \/>\n\t<meta property=\"og:image:height\" content=\"500\" \/>\n\t<meta property=\"og:image:type\" content=\"image\/png\" \/>\n<meta name=\"author\" content=\"Escola M\u00fasica San Joan\" \/>\n<meta name=\"twitter:card\" content=\"summary_large_image\" \/>\n<meta name=\"twitter:label1\" content=\"Escrit per\" \/>\n\t<meta name=\"twitter:data1\" content=\"Escola M\u00fasica San Joan\" \/>\n\t<meta name=\"twitter:label2\" content=\"Temps estimat de lectura\" \/>\n\t<meta name=\"twitter:data2\" content=\"7 minuts\" \/>\n<script type=\"application\/ld+json\" class=\"yoast-schema-graph\">{\"@context\":\"https:\/\/schema.org\",\"@graph\":[{\"@type\":\"Article\",\"@id\":\"https:\/\/escolademusicasantjoan.com\/1706-2\/#article\",\"isPartOf\":{\"@id\":\"https:\/\/escolademusicasantjoan.com\/1706-2\/\"},\"author\":{\"name\":\"Escola M\u00fasica San Joan\",\"@id\":\"https:\/\/escolademusicasantjoan.com\/#\/schema\/person\/376c9c4bab832235e877438a59f9a3da\"},\"headline\":\"Los beneficios del canto coral y la m\u00fasica en desarrollo infantil\",\"datePublished\":\"2024-09-24T09:33:10+00:00\",\"dateModified\":\"2024-10-01T06:26:44+00:00\",\"mainEntityOfPage\":{\"@id\":\"https:\/\/escolademusicasantjoan.com\/1706-2\/\"},\"wordCount\":1438,\"commentCount\":0,\"publisher\":{\"@id\":\"https:\/\/escolademusicasantjoan.com\/#\/schema\/person\/376c9c4bab832235e877438a59f9a3da\"},\"image\":{\"@id\":\"https:\/\/escolademusicasantjoan.com\/1706-2\/#primaryimage\"},\"thumbnailUrl\":\"https:\/\/escolademusicasantjoan.com\/wp-content\/uploads\/2024\/09\/Diseno-sin-titulo-2.png\",\"articleSection\":[\"Sin categor\u00eda\"],\"inLanguage\":\"ca\",\"potentialAction\":[{\"@type\":\"CommentAction\",\"name\":\"Comment\",\"target\":[\"https:\/\/escolademusicasantjoan.com\/1706-2\/#respond\"]}]},{\"@type\":\"WebPage\",\"@id\":\"https:\/\/escolademusicasantjoan.com\/1706-2\/\",\"url\":\"https:\/\/escolademusicasantjoan.com\/1706-2\/\",\"name\":\"Los beneficios del canto coral y la m\u00fasica en desarrollo infantil &#062; Escola De M\u00fasica Sant Joan\",\"isPartOf\":{\"@id\":\"https:\/\/escolademusicasantjoan.com\/#website\"},\"primaryImageOfPage\":{\"@id\":\"https:\/\/escolademusicasantjoan.com\/1706-2\/#primaryimage\"},\"image\":{\"@id\":\"https:\/\/escolademusicasantjoan.com\/1706-2\/#primaryimage\"},\"thumbnailUrl\":\"https:\/\/escolademusicasantjoan.com\/wp-content\/uploads\/2024\/09\/Diseno-sin-titulo-2.png\",\"datePublished\":\"2024-09-24T09:33:10+00:00\",\"dateModified\":\"2024-10-01T06:26:44+00:00\",\"breadcrumb\":{\"@id\":\"https:\/\/escolademusicasantjoan.com\/1706-2\/#breadcrumb\"},\"inLanguage\":\"ca\",\"potentialAction\":[{\"@type\":\"ReadAction\",\"target\":[\"https:\/\/escolademusicasantjoan.com\/1706-2\/\"]}]},{\"@type\":\"ImageObject\",\"inLanguage\":\"ca\",\"@id\":\"https:\/\/escolademusicasantjoan.com\/1706-2\/#primaryimage\",\"url\":\"https:\/\/escolademusicasantjoan.com\/wp-content\/uploads\/2024\/09\/Diseno-sin-titulo-2.png\",\"contentUrl\":\"https:\/\/escolademusicasantjoan.com\/wp-content\/uploads\/2024\/09\/Diseno-sin-titulo-2.png\",\"width\":500,\"height\":500},{\"@type\":\"BreadcrumbList\",\"@id\":\"https:\/\/escolademusicasantjoan.com\/1706-2\/#breadcrumb\",\"itemListElement\":[{\"@type\":\"ListItem\",\"position\":1,\"name\":\"Portada\",\"item\":\"https:\/\/escolademusicasantjoan.com\/inicio\/\"},{\"@type\":\"ListItem\",\"position\":2,\"name\":\"Los beneficios del canto coral y la m\u00fasica en desarrollo infantil\"}]},{\"@type\":\"WebSite\",\"@id\":\"https:\/\/escolademusicasantjoan.com\/#website\",\"url\":\"https:\/\/escolademusicasantjoan.com\/\",\"name\":\"Escola De M\u00fasica Sant Joan\",\"description\":\"escuela de m\u00fasica\",\"publisher\":{\"@id\":\"https:\/\/escolademusicasantjoan.com\/#\/schema\/person\/376c9c4bab832235e877438a59f9a3da\"},\"potentialAction\":[{\"@type\":\"SearchAction\",\"target\":{\"@type\":\"EntryPoint\",\"urlTemplate\":\"https:\/\/escolademusicasantjoan.com\/?s={search_term_string}\"},\"query-input\":{\"@type\":\"PropertyValueSpecification\",\"valueRequired\":true,\"valueName\":\"search_term_string\"}}],\"inLanguage\":\"ca\"},{\"@type\":[\"Person\",\"Organization\"],\"@id\":\"https:\/\/escolademusicasantjoan.com\/#\/schema\/person\/376c9c4bab832235e877438a59f9a3da\",\"name\":\"Escola M\u00fasica San Joan\",\"image\":{\"@type\":\"ImageObject\",\"inLanguage\":\"ca\",\"@id\":\"https:\/\/escolademusicasantjoan.com\/#\/schema\/person\/image\/\",\"url\":\"https:\/\/escolademusicasantjoan.com\/wp-content\/uploads\/2024\/09\/Invertido.png\",\"contentUrl\":\"https:\/\/escolademusicasantjoan.com\/wp-content\/uploads\/2024\/09\/Invertido.png\",\"width\":480,\"height\":480,\"caption\":\"Escola M\u00fasica San Joan\"},\"logo\":{\"@id\":\"https:\/\/escolademusicasantjoan.com\/#\/schema\/person\/image\/\"},\"url\":\"https:\/\/escolademusicasantjoan.com\/ca\/author\/juan\/\"}]}<\/script>\n<!-- \/ Yoast SEO plugin. -->","yoast_head_json":{"title":"Los beneficios del canto coral y la m\u00fasica en desarrollo infantil &#062; Escola De M\u00fasica Sant Joan","robots":{"index":"index","follow":"follow","max-snippet":"max-snippet:-1","max-image-preview":"max-image-preview:large","max-video-preview":"max-video-preview:-1"},"canonical":"https:\/\/escolademusicasantjoan.com\/ca\/1706-2\/","og_locale":"ca_ES","og_type":"article","og_title":"Los beneficios del canto coral y la m\u00fasica en desarrollo infantil &#062; Escola De M\u00fasica Sant Joan","og_url":"https:\/\/escolademusicasantjoan.com\/ca\/1706-2\/","og_site_name":"Escola De M\u00fasica Sant Joan","article_published_time":"2024-09-24T09:33:10+00:00","article_modified_time":"2024-10-01T06:26:44+00:00","og_image":[{"width":500,"height":500,"url":"https:\/\/escolademusicasantjoan.com\/wp-content\/uploads\/2024\/09\/Diseno-sin-titulo-2.png","type":"image\/png"}],"author":"Escola M\u00fasica San Joan","twitter_card":"summary_large_image","twitter_misc":{"Escrit per":"Escola M\u00fasica San Joan","Temps estimat de lectura":"7 minuts"},"schema":{"@context":"https:\/\/schema.org","@graph":[{"@type":"Article","@id":"https:\/\/escolademusicasantjoan.com\/1706-2\/#article","isPartOf":{"@id":"https:\/\/escolademusicasantjoan.com\/1706-2\/"},"author":{"name":"Escola M\u00fasica San Joan","@id":"https:\/\/escolademusicasantjoan.com\/#\/schema\/person\/376c9c4bab832235e877438a59f9a3da"},"headline":"Los beneficios del canto coral y la m\u00fasica en desarrollo infantil","datePublished":"2024-09-24T09:33:10+00:00","dateModified":"2024-10-01T06:26:44+00:00","mainEntityOfPage":{"@id":"https:\/\/escolademusicasantjoan.com\/1706-2\/"},"wordCount":1438,"commentCount":0,"publisher":{"@id":"https:\/\/escolademusicasantjoan.com\/#\/schema\/person\/376c9c4bab832235e877438a59f9a3da"},"image":{"@id":"https:\/\/escolademusicasantjoan.com\/1706-2\/#primaryimage"},"thumbnailUrl":"https:\/\/escolademusicasantjoan.com\/wp-content\/uploads\/2024\/09\/Diseno-sin-titulo-2.png","articleSection":["Sin categor\u00eda"],"inLanguage":"ca","potentialAction":[{"@type":"CommentAction","name":"Comment","target":["https:\/\/escolademusicasantjoan.com\/1706-2\/#respond"]}]},{"@type":"WebPage","@id":"https:\/\/escolademusicasantjoan.com\/1706-2\/","url":"https:\/\/escolademusicasantjoan.com\/1706-2\/","name":"Los beneficios del canto coral y la m\u00fasica en desarrollo infantil &#062; Escola De M\u00fasica Sant Joan","isPartOf":{"@id":"https:\/\/escolademusicasantjoan.com\/#website"},"primaryImageOfPage":{"@id":"https:\/\/escolademusicasantjoan.com\/1706-2\/#primaryimage"},"image":{"@id":"https:\/\/escolademusicasantjoan.com\/1706-2\/#primaryimage"},"thumbnailUrl":"https:\/\/escolademusicasantjoan.com\/wp-content\/uploads\/2024\/09\/Diseno-sin-titulo-2.png","datePublished":"2024-09-24T09:33:10+00:00","dateModified":"2024-10-01T06:26:44+00:00","breadcrumb":{"@id":"https:\/\/escolademusicasantjoan.com\/1706-2\/#breadcrumb"},"inLanguage":"ca","potentialAction":[{"@type":"ReadAction","target":["https:\/\/escolademusicasantjoan.com\/1706-2\/"]}]},{"@type":"ImageObject","inLanguage":"ca","@id":"https:\/\/escolademusicasantjoan.com\/1706-2\/#primaryimage","url":"https:\/\/escolademusicasantjoan.com\/wp-content\/uploads\/2024\/09\/Diseno-sin-titulo-2.png","contentUrl":"https:\/\/escolademusicasantjoan.com\/wp-content\/uploads\/2024\/09\/Diseno-sin-titulo-2.png","width":500,"height":500},{"@type":"BreadcrumbList","@id":"https:\/\/escolademusicasantjoan.com\/1706-2\/#breadcrumb","itemListElement":[{"@type":"ListItem","position":1,"name":"Portada","item":"https:\/\/escolademusicasantjoan.com\/inicio\/"},{"@type":"ListItem","position":2,"name":"Los beneficios del canto coral y la m\u00fasica en desarrollo infantil"}]},{"@type":"WebSite","@id":"https:\/\/escolademusicasantjoan.com\/#website","url":"https:\/\/escolademusicasantjoan.com\/","name":"Escola De M\u00fasica Sant Joan","description":"escuela de m\u00fasica","publisher":{"@id":"https:\/\/escolademusicasantjoan.com\/#\/schema\/person\/376c9c4bab832235e877438a59f9a3da"},"potentialAction":[{"@type":"SearchAction","target":{"@type":"EntryPoint","urlTemplate":"https:\/\/escolademusicasantjoan.com\/?s={search_term_string}"},"query-input":{"@type":"PropertyValueSpecification","valueRequired":true,"valueName":"search_term_string"}}],"inLanguage":"ca"},{"@type":["Person","Organization"],"@id":"https:\/\/escolademusicasantjoan.com\/#\/schema\/person\/376c9c4bab832235e877438a59f9a3da","name":"Escola M\u00fasica San Joan","image":{"@type":"ImageObject","inLanguage":"ca","@id":"https:\/\/escolademusicasantjoan.com\/#\/schema\/person\/image\/","url":"https:\/\/escolademusicasantjoan.com\/wp-content\/uploads\/2024\/09\/Invertido.png","contentUrl":"https:\/\/escolademusicasantjoan.com\/wp-content\/uploads\/2024\/09\/Invertido.png","width":480,"height":480,"caption":"Escola M\u00fasica San Joan"},"logo":{"@id":"https:\/\/escolademusicasantjoan.com\/#\/schema\/person\/image\/"},"url":"https:\/\/escolademusicasantjoan.com\/ca\/author\/juan\/"}]}},"_links":{"self":[{"href":"https:\/\/escolademusicasantjoan.com\/ca\/wp-json\/wp\/v2\/posts\/1706","targetHints":{"allow":["GET"]}}],"collection":[{"href":"https:\/\/escolademusicasantjoan.com\/ca\/wp-json\/wp\/v2\/posts"}],"about":[{"href":"https:\/\/escolademusicasantjoan.com\/ca\/wp-json\/wp\/v2\/types\/post"}],"author":[{"embeddable":true,"href":"https:\/\/escolademusicasantjoan.com\/ca\/wp-json\/wp\/v2\/users\/2"}],"replies":[{"embeddable":true,"href":"https:\/\/escolademusicasantjoan.com\/ca\/wp-json\/wp\/v2\/comments?post=1706"}],"version-history":[{"count":7,"href":"https:\/\/escolademusicasantjoan.com\/ca\/wp-json\/wp\/v2\/posts\/1706\/revisions"}],"predecessor-version":[{"id":1792,"href":"https:\/\/escolademusicasantjoan.com\/ca\/wp-json\/wp\/v2\/posts\/1706\/revisions\/1792"}],"wp:featuredmedia":[{"embeddable":true,"href":"https:\/\/escolademusicasantjoan.com\/ca\/wp-json\/wp\/v2\/media\/1707"}],"wp:attachment":[{"href":"https:\/\/escolademusicasantjoan.com\/ca\/wp-json\/wp\/v2\/media?parent=1706"}],"wp:term":[{"taxonomy":"category","embeddable":true,"href":"https:\/\/escolademusicasantjoan.com\/ca\/wp-json\/wp\/v2\/categories?post=1706"},{"taxonomy":"post_tag","embeddable":true,"href":"https:\/\/escolademusicasantjoan.com\/ca\/wp-json\/wp\/v2\/tags?post=1706"}],"curies":[{"name":"wp","href":"https:\/\/api.w.org\/{rel}","templated":true}]}}